{"id":1497,"date":"2022-06-07T15:47:01","date_gmt":"2022-06-07T18:47:01","guid":{"rendered":"http:\/\/bfapadvocacia.com.br\/?p=1497"},"modified":"2022-06-07T15:47:01","modified_gmt":"2022-06-07T18:47:01","slug":"adicional-periculosidade-insalubridade","status":"publish","type":"post","link":"https:\/\/bfapadvocacia.com.br\/index.php\/2022\/06\/07\/adicional-periculosidade-insalubridade\/","title":{"rendered":"Voc\u00ea, trabalhador, sabia que pode ter direito a Adicional de Periculosidade e Insalubridade?"},"content":{"rendered":"<div class=\"fusion-fullwidth fullwidth-box fusion-builder-row-1 fusion-flex-container hundred-percent-fullwidth non-hundred-percent-height-scrolling\" style=\"--awb-border-radius-top-left:0px;--awb-border-radius-top-right:0px;--awb-border-radius-bottom-right:0px;--awb-border-radius-bottom-left:0px;--awb-overflow:visible;--awb-flex-wrap:wrap;\" ><div class=\"fusion-builder-row fusion-row fusion-flex-align-items-flex-start fusion-flex-content-wrap\" style=\"width:calc( 100% + 0px ) !important;max-width:calc( 100% + 0px ) !important;margin-left: calc(-0px \/ 2 );margin-right: calc(-0px \/ 2 );\"><div class=\"fusion-layout-column fusion_builder_column fusion-builder-column-0 fusion_builder_column_1_1 1_1 fusion-flex-column fusion-flex-align-self-flex-start fusion-column-no-min-height\" style=\"--awb-bg-size:cover;--awb-width-large:100%;--awb-margin-top-large:0px;--awb-spacing-right-large:0px;--awb-margin-bottom-large:0px;--awb-spacing-left-large:0px;--awb-width-medium:100%;--awb-spacing-right-medium:0px;--awb-spacing-left-medium:0px;--awb-width-small:100%;--awb-spacing-right-small:0px;--awb-spacing-left-small:0px;\"><div class=\"fusion-column-wrapper fusion-flex-justify-content-flex-start fusion-content-layout-row\"><div class=\"fusion-text fusion-text-1\"><p><span class=\"fusion-dropcap dropcap dropcap-boxed\" style=\"--awb-border-radius:50%;\">C<\/span><span data-contrast=\"auto\">om o avan\u00e7o da ind\u00fastria, a maioria das empresas visam apenas lucrar com sua produ\u00e7\u00e3o e esquecem do bem-estar dos funcion\u00e1rios.<\/span><span data-ccp-props=\"\">\u00a0<\/span><\/p>\n<p><span data-contrast=\"auto\">Muitas utilizam produtos inflam\u00e1veis, t\u00f3xicos, produzem poeira, suas m\u00e1quinas para produ\u00e7\u00e3o produzem ru\u00eddos capazes de deixar algu\u00e9m surdo e a exposi\u00e7\u00e3o constante a este ambiente n\u00e3o \u00e9 boa, pois agride a sa\u00fade do trabalhador.\u00a0<\/span><span data-ccp-props=\"\">\u00a0<\/span><\/p>\n<p><span data-contrast=\"auto\">Por isso, os empregados t\u00eam garantido por lei: o bem-estar, a seguran\u00e7a e direito de trabalhar em um ambiente <\/span><span data-contrast=\"auto\">saud\u00e1vel<\/span><b><span data-contrast=\"auto\">. <\/span><\/b><span data-contrast=\"auto\">O valor do adicional pode variar de 10% (dez por cento) at\u00e9 40% (quarenta por cento) do sal\u00e1rio base, dependendo do grau de exposi\u00e7\u00e3o.<\/span><span data-ccp-props=\"\">\u00a0<\/span><\/p>\n<p><span data-contrast=\"auto\">Assim, muitas atividades profissionais s\u00e3o consideradas perigosas, como por exemplo o motociclista, que por sua vez, tem direito ao adicional de periculosidade, o valor do adicional \u00e9 calculado em 30% (trinta por cento) sobre o sal\u00e1rio do trabalhador.<\/span><span data-ccp-props=\"\">\u00a0<\/span><\/p>\n<p><span data-contrast=\"auto\">Caso voc\u00ea, algum parente ou amigo trabalhe em ambiente perigoso ou insalubre, fique atento, veja se recebe equipamentos de prote\u00e7\u00e3o, caso n\u00e3o fa\u00e7a uso, pe\u00e7a seu adicional, procure um advogado e garanta os seus direitos.<\/span><span data-ccp-props=\"\">\u00a0<\/span><\/p>\n<p><span data-contrast=\"auto\">Mesmo nos dias atuais, \u00e9 muito comum empresas que n\u00e3o realizam o pagamento destes adicionais, que s\u00e3o obrigat\u00f3rios e regulados por lei, de modo em que o trabalhador que labora nestas condi\u00e7\u00f5es pode se resguardar na Justi\u00e7a do Trabalho.<\/span><span data-ccp-props=\"\">\u00a0<\/span><\/p>\n<p><span data-ccp-props=\"\">\u00a0<\/span><\/p>\n<p><span data-ccp-props=\"{\">\u00a0<\/span><\/p>\n<\/div><\/div><\/div><\/div><\/div>\n","protected":false},"excerpt":{"rendered":"","protected":false},"author":1,"featured_media":1498,"comment_status":"open","ping_status":"open","sticky":false,"template":"","format":"standard","meta":{"footnotes":""},"categories":[26],"tags":[53,52,51],"class_list":["post-1497","post","type-post","status-publish","format-standard","has-post-thumbnail","hentry","category-trabalhista","tag-adicional","tag-insalubridade","tag-periculosidade"],"_links":{"self":[{"href":"https:\/\/bfapadvocacia.com.br\/index.php\/wp-json\/wp\/v2\/posts\/1497","targetHints":{"allow":["GET"]}}],"collection":[{"href":"https:\/\/bfapadvocacia.com.br\/index.php\/wp-json\/wp\/v2\/posts"}],"about":[{"href":"https:\/\/bfapadvocacia.com.br\/index.php\/wp-json\/wp\/v2\/types\/post"}],"author":[{"embeddable":true,"href":"https:\/\/bfapadvocacia.com.br\/index.php\/wp-json\/wp\/v2\/users\/1"}],"replies":[{"embeddable":true,"href":"https:\/\/bfapadvocacia.com.br\/index.php\/wp-json\/wp\/v2\/comments?post=1497"}],"version-history":[{"count":2,"href":"https:\/\/bfapadvocacia.com.br\/index.php\/wp-json\/wp\/v2\/posts\/1497\/revisions"}],"predecessor-version":[{"id":1500,"href":"https:\/\/bfapadvocacia.com.br\/index.php\/wp-json\/wp\/v2\/posts\/1497\/revisions\/1500"}],"wp:featuredmedia":[{"embeddable":true,"href":"https:\/\/bfapadvocacia.com.br\/index.php\/wp-json\/wp\/v2\/media\/1498"}],"wp:attachment":[{"href":"https:\/\/bfapadvocacia.com.br\/index.php\/wp-json\/wp\/v2\/media?parent=1497"}],"wp:term":[{"taxonomy":"category","embeddable":true,"href":"https:\/\/bfapadvocacia.com.br\/index.php\/wp-json\/wp\/v2\/categories?post=1497"},{"taxonomy":"post_tag","embeddable":true,"href":"https:\/\/bfapadvocacia.com.br\/index.php\/wp-json\/wp\/v2\/tags?post=1497"}],"curies":[{"name":"wp","href":"https:\/\/api.w.org\/{rel}","templated":true}]}}